{"id":560,"date":"2026-02-18T11:49:31","date_gmt":"2026-02-18T14:49:31","guid":{"rendered":"https:\/\/www.doutorgenius.com.br\/blog\/?p=560"},"modified":"2026-02-18T11:51:44","modified_gmt":"2026-02-18T14:51:44","slug":"strava-na-saude-como-organizar-seus-dados-de-atividade-fisica-e-transformar-movimento-em-consciencia-preventiva","status":"publish","type":"post","link":"https:\/\/www.doutorgenius.com.br\/blog\/strava-na-saude-como-organizar-seus-dados-de-atividade-fisica-e-transformar-movimento-em-consciencia-preventiva\/","title":{"rendered":"Strava na Sa\u00fade: Como Organizar Seus Dados de Atividade F\u00edsica e Transformar Movimento em Consci\u00eancia Preventiva"},"content":{"rendered":"\n<p>A <strong><a href=\"https:\/\/www.doutorgenius.com.br\/strava-evolucao-saude\">integra\u00e7\u00e3o Strava sa\u00fade<\/a><\/strong> representa um passo importante na consolida\u00e7\u00e3o da sa\u00fade digital preventiva. Cada vez mais pessoas utilizam aplicativos de monitoramento de atividade f\u00edsica para registrar corridas, pedaladas, caminhadas e treinos funcionais. No entanto, surge uma pergunta estrat\u00e9gica: para onde v\u00e3o esses dados? E, mais importante, como organiz\u00e1-los para que se transformem em consci\u00eancia preventiva real?<\/p>\n\n\n\n<p>Neste artigo, voc\u00ea vai entender como o crescimento dos apps de atividade f\u00edsica est\u00e1 moldando a nova era da sa\u00fade digital, como a centraliza\u00e7\u00e3o dessas informa\u00e7\u00f5es fortalece o <strong>acompanhamento cont\u00ednuo<\/strong> e de que forma a integra\u00e7\u00e3o entre Strava e Doutor Genius organiza \u2014 sem interpretar clinicamente \u2014 esses dados dentro de uma vis\u00e3o moderna de sa\u00fade.<\/p>\n\n\n\n<h2 class=\"wp-block-heading\">O crescimento dos aplicativos de atividade f\u00edsica<\/h2>\n\n\n\n<p>Nos \u00faltimos anos, o uso de aplicativos como o Strava cresceu de forma exponencial. Hoje, milh\u00f5es de usu\u00e1rios registram diariamente:<\/p>\n\n\n\n<ul class=\"wp-block-list\">\n<li>Dist\u00e2ncia percorrida<\/li>\n\n\n\n<li>Frequ\u00eancia de treinos<\/li>\n\n\n\n<li>Ritmo m\u00e9dio<\/li>\n\n\n\n<li>Tempo de atividade<\/li>\n\n\n\n<li>Evolu\u00e7\u00e3o semanal ou mensal<\/li>\n<\/ul>\n\n\n\n<p>Esse movimento acompanha uma tend\u00eancia maior: a digitaliza\u00e7\u00e3o da rotina de sa\u00fade.<\/p>\n\n\n\n<p>Em outras palavras, as pessoas j\u00e1 monitoram seu corpo. Entretanto, muitas vezes esses dados ficam dispersos, isolados e desconectados do restante do hist\u00f3rico de sa\u00fade.<\/p>\n\n\n\n<p>Assim sendo, surge a necessidade de organiza\u00e7\u00e3o.<\/p>\n\n\n\n<h2 class=\"wp-block-heading\">Monitoramento de atividade f\u00edsica: dado n\u00e3o \u00e9 consci\u00eancia<\/h2>\n\n\n\n<p>Registrar atividade f\u00edsica \u00e9 importante. Por\u00e9m, apenas acumular n\u00fameros n\u00e3o garante consci\u00eancia preventiva.<\/p>\n\n\n\n<p>O verdadeiro valor est\u00e1 em:<\/p>\n\n\n\n<p>\u2714 Visualizar padr\u00f5es<br>\u2714 Perceber consist\u00eancia<br>\u2714 Identificar frequ\u00eancia<br>\u2714 Acompanhar evolu\u00e7\u00e3o ao longo do tempo<\/p>\n\n\n\n<p>Nesse sentido, o <strong><a href=\"https:\/\/www.doutorgenius.com.br\/strava-evolucao-saude\">monitoramento de atividade f\u00edsica<\/a><\/strong> ganha for\u00e7a quando est\u00e1 integrado a uma plataforma que centraliza a jornada de sa\u00fade como um todo.<\/p>\n\n\n\n<p>E \u00e9 exatamente aqui que entra a proposta de integra\u00e7\u00e3o Strava sa\u00fade com a Doutor Genius.<\/p>\n\n\n\n<h2 class=\"wp-block-heading\">Integra\u00e7\u00e3o Strava sa\u00fade: organiza\u00e7\u00e3o sem interpreta\u00e7\u00e3o cl\u00ednica<\/h2>\n\n\n\n<p>A integra\u00e7\u00e3o entre Strava e Doutor Genius permite que os dados de atividade f\u00edsica sejam visualizados dentro do hist\u00f3rico pessoal de sa\u00fade.<\/p>\n\n\n\n<p>\u00c9 fundamental esclarecer:<\/p>\n\n\n\n<p>\ud83d\udeab N\u00e3o h\u00e1 diagn\u00f3stico.<br>\ud83d\udeab N\u00e3o h\u00e1 interpreta\u00e7\u00e3o cl\u00ednica.<br>\ud83d\udeab N\u00e3o h\u00e1 uso de IA sobre os dados do Strava.<br>\ud83d\udeab N\u00e3o h\u00e1 cruzamento m\u00e9dico automatizado dessas informa\u00e7\u00f5es.<\/p>\n\n\n\n<p>A proposta \u00e9 organiza\u00e7\u00e3o e visualiza\u00e7\u00e3o.<\/p>\n\n\n\n<p>O usu\u00e1rio pode acompanhar suas atividades f\u00edsicas dentro de um ambiente que j\u00e1 centraliza:<\/p>\n\n\n\n<ul class=\"wp-block-list\">\n<li>Hist\u00f3rico de consultas<\/li>\n\n\n\n<li>Exames<\/li>\n\n\n\n<li>Vacina\u00e7\u00e3o<\/li>\n\n\n\n<li>H\u00e1bitos de sa\u00fade<\/li>\n\n\n\n<li>Rotina preventiva<\/li>\n<\/ul>\n\n\n\n<p>Ou seja, o movimento passa a fazer parte da linha do tempo da sa\u00fade pessoal.<\/p>\n\n\n\n<h2 class=\"wp-block-heading\">Sa\u00fade digital preventiva: a for\u00e7a da centraliza\u00e7\u00e3o<\/h2>\n\n\n\n<p>A <strong>sa\u00fade digital preventiva<\/strong> n\u00e3o depende apenas de exames ou consultas. Ela envolve comportamento, const\u00e2ncia e vis\u00e3o de longo prazo.<\/p>\n\n\n\n<p>Quando as atividades f\u00edsicas ficam organizadas em um sistema central, o paciente:<\/p>\n\n\n\n<p>\u2714 Visualiza sua disciplina ao longo dos meses<br>\u2714 Percebe per\u00edodos de sedentarismo<br>\u2714 Ganha consci\u00eancia sobre regularidade<br>\u2714 Leva dados organizados para conversas m\u00e9dicas<\/p>\n\n\n\n<p>Al\u00e9m disso, m\u00e9dicos podem visualizar essas informa\u00e7\u00f5es como parte do contexto geral do paciente \u2014 sempre respeitando que se trata de dados de registro e n\u00e3o de an\u00e1lise diagn\u00f3stica.<\/p>\n\n\n\n<p>Dessa forma, a conversa cl\u00ednica se torna mais contextualizada, sem substituir avalia\u00e7\u00e3o m\u00e9dica formal.<\/p>\n\n\n\n<h2 class=\"wp-block-heading\">Acompanhamento cont\u00ednuo: o novo padr\u00e3o da sa\u00fade moderna<\/h2>\n\n\n\n<p>A medicina moderna est\u00e1 migrando de um modelo epis\u00f3dico (consulta pontual) para um modelo de <strong>acompanhamento cont\u00ednuo<\/strong>.<\/p>\n\n\n\n<p>Nesse novo cen\u00e1rio:<\/p>\n\n\n\n<ul class=\"wp-block-list\">\n<li>O paciente n\u00e3o \u00e9 apenas atendido; ele \u00e9 acompanhado.<\/li>\n\n\n\n<li>A sa\u00fade n\u00e3o \u00e9 reativa; ela \u00e9 preventiva.<\/li>\n\n\n\n<li>Os dados n\u00e3o ficam espalhados; eles s\u00e3o organizados.<\/li>\n<\/ul>\n\n\n\n<p>A integra\u00e7\u00e3o Strava sa\u00fade fortalece esse conceito ao permitir que o movimento di\u00e1rio seja incorporado \u00e0 narrativa da sa\u00fade pessoal.<\/p>\n\n\n\n<p>Com efeito, o paciente passa a enxergar sua pr\u00f3pria evolu\u00e7\u00e3o \u2014 e isso aumenta engajamento e responsabilidade com o pr\u00f3prio corpo.<\/p>\n\n\n\n<h2 class=\"wp-block-heading\">Inova\u00e7\u00e3o tecnol\u00f3gica a servi\u00e7o da organiza\u00e7\u00e3o<\/h2>\n\n\n\n<p>Vivemos a era da interoperabilidade digital. Rel\u00f3gios inteligentes, apps fitness, exames online e plataformas m\u00e9dicas coexistem.<\/p>\n\n\n\n<p>Contudo, sem centraliza\u00e7\u00e3o, essa abund\u00e2ncia gera fragmenta\u00e7\u00e3o.<\/p>\n\n\n\n<p>A proposta da Doutor Genius \u00e9 simples e estrat\u00e9gica:<\/p>\n\n\n\n<p>Organizar.<br>Centralizar.<br>Dar visibilidade.<\/p>\n\n\n\n<p>Nada al\u00e9m disso.<\/p>\n\n\n\n<p>Sem diagn\u00f3sticos autom\u00e1ticos.<br>Sem interpreta\u00e7\u00e3o indevida.<br>Sem extrapola\u00e7\u00e3o cl\u00ednica.<\/p>\n\n\n\n<p>Apenas organiza\u00e7\u00e3o inteligente da vida de sa\u00fade.<\/p>\n\n\n\n<h2 class=\"wp-block-heading\">Por que isso importa para pacientes e m\u00e9dicos?<\/h2>\n\n\n\n<h3 class=\"wp-block-heading\">Para pacientes:<\/h3>\n\n\n\n<p>\u2714 Mais clareza sobre h\u00e1bitos<br>\u2714 Consci\u00eancia preventiva ampliada<br>\u2714 Dados organizados para consultas<br>\u2714 Motiva\u00e7\u00e3o baseada em hist\u00f3rico real<\/p>\n\n\n\n<h3 class=\"wp-block-heading\">Para m\u00e9dicos:<\/h3>\n\n\n\n<p>\u2714 Contexto ampliado da rotina do paciente<br>\u2714 Visualiza\u00e7\u00e3o organizada de h\u00e1bitos<br>\u2714 Conversas cl\u00ednicas mais completas<br>\u2714 Apoio \u00e0 orienta\u00e7\u00e3o preventiva<\/p>\n\n\n\n<p>Portanto, a integra\u00e7\u00e3o Strava sa\u00fade fortalece a cultura da preven\u00e7\u00e3o sem ultrapassar limites cl\u00ednicos.<\/p>\n\n\n\n<h1 class=\"wp-block-heading\">Conclus\u00e3o: Movimento Organizado \u00e9 Sa\u00fade Organizada<\/h1>\n\n\n\n<p>A era da sa\u00fade digital n\u00e3o \u00e9 apenas sobre tecnologia \u2014 \u00e9 sobre organiza\u00e7\u00e3o.<\/p>\n\n\n\n<p>A integra\u00e7\u00e3o Strava sa\u00fade dentro da Doutor Genius representa um avan\u00e7o na forma como enxergamos o movimento: n\u00e3o como um dado isolado, mas como parte da jornada preventiva.<\/p>\n\n\n\n<p>Quando o <strong>monitoramento de atividade f\u00edsica<\/strong> se conecta a um sistema maior, ele deixa de ser apenas estat\u00edstica e passa a ser consci\u00eancia.<\/p>\n\n\n\n<p>Sem diagn\u00f3sticos autom\u00e1ticos.<br>Sem an\u00e1lises cl\u00ednicas indevidas.<br>Sem promessas exageradas.<\/p>\n\n\n\n<p>Apenas organiza\u00e7\u00e3o inteligente e acompanhamento cont\u00ednuo.<\/p>\n\n\n\n<p>A Doutor Genius se posiciona, assim, como o novo padr\u00e3o da sa\u00fade organizada e inteligente \u2014 onde cada dado tem seu lugar, cada h\u00e1bito tem seu registro e cada paciente assume protagonismo na pr\u00f3pria sa\u00fade.<\/p>\n\n\n\n<p>O futuro da medicina \u00e9 digital.<br>Mas, acima de tudo, ele \u00e9 organizado.<\/p>\n\n\n\n<p>Acesse <a href=\"https:\/\/www.doutorgenius.com.br\/strava-evolucao-saude\">AQUI<\/a><\/p>\n\n\n\n<p><\/p>\n","protected":false},"excerpt":{"rendered":"<p>A integra\u00e7\u00e3o Strava sa\u00fade representa um passo importante na consolida\u00e7\u00e3o da sa\u00fade digital preventiva. Cada vez mais pessoas utilizam aplicativos de monitoramento de atividade f\u00edsica para registrar corridas, pedaladas, caminhadas e treinos funcionais. No entanto, surge uma pergunta estrat\u00e9gica: para onde v\u00e3o esses dados? E, mais importante, como organiz\u00e1-los para que se transformem em consci\u00eancia [&hellip;]<\/p>\n","protected":false},"author":1,"featured_media":561,"comment_status":"open","ping_status":"open","sticky":false,"template":"","format":"standard","meta":{"footnotes":""},"categories":[36,12],"tags":[],"class_list":["post-560","post","type-post","status-publish","format-standard","has-post-thumbnail","hentry","category-saude-digital-e-tecnologia","category-como-cuidar-melhor-da-sua-saude"],"yoast_head":"<!-- This site is optimized with the Yoast SEO plugin v26.8 - https:\/\/yoast.com\/product\/yoast-seo-wordpress\/ -->\n<title>Integra\u00e7\u00e3o Strava Sa\u00fade: Organize Seus Dados e Fortale\u00e7a a Sa\u00fade Digital Preventiva<\/title>\n<meta name=\"description\" content=\"Descubra como a integra\u00e7\u00e3o Strava sa\u00fade com a Doutor Genius organiza seus dados de atividade f\u00edsica, fortalece o acompanhamento cont\u00ednuo e impulsiona a sa\u00fade digital preventiva.\" \/>\n<meta name=\"robots\" content=\"index, follow, max-snippet:-1, max-image-preview:large, max-video-preview:-1\" \/>\n<link rel=\"canonical\" href=\"https:\/\/www.doutorgenius.com.br\/blog\/strava-na-saude-como-organizar-seus-dados-de-atividade-fisica-e-transformar-movimento-em-consciencia-preventiva\/\" \/>\n<meta property=\"og:locale\" content=\"pt_BR\" \/>\n<meta property=\"og:type\" content=\"article\" \/>\n<meta property=\"og:title\" content=\"Integra\u00e7\u00e3o Strava Sa\u00fade: Organize Seus Dados e Fortale\u00e7a a Sa\u00fade Digital Preventiva\" \/>\n<meta property=\"og:description\" content=\"Descubra como a integra\u00e7\u00e3o Strava sa\u00fade com a Doutor Genius organiza seus dados de atividade f\u00edsica, fortalece o acompanhamento cont\u00ednuo e impulsiona a sa\u00fade digital preventiva.\" \/>\n<meta property=\"og:url\" content=\"https:\/\/www.doutorgenius.com.br\/blog\/strava-na-saude-como-organizar-seus-dados-de-atividade-fisica-e-transformar-movimento-em-consciencia-preventiva\/\" \/>\n<meta property=\"og:site_name\" content=\"Doutor Genius\" \/>\n<meta property=\"article:publisher\" content=\"https:\/\/www.facebook.com\/share\/173AU86oYj\/\" \/>\n<meta property=\"article:published_time\" content=\"2026-02-18T14:49:31+00:00\" \/>\n<meta property=\"article:modified_time\" content=\"2026-02-18T14:51:44+00:00\" \/>\n<meta property=\"og:image\" content=\"https:\/\/www.doutorgenius.com.br\/blog\/wp-content\/uploads\/2026\/02\/ChatGPT-Image-18-de-fev.-de-2026-11_48_01.webp\" \/>\n\t<meta property=\"og:image:width\" content=\"1536\" \/>\n\t<meta property=\"og:image:height\" content=\"1024\" \/>\n\t<meta property=\"og:image:type\" content=\"image\/webp\" \/>\n<meta name=\"author\" content=\"root_admin\" \/>\n<meta name=\"twitter:card\" content=\"summary_large_image\" \/>\n<meta name=\"twitter:label1\" content=\"Escrito por\" \/>\n\t<meta name=\"twitter:data1\" content=\"root_admin\" \/>\n\t<meta name=\"twitter:label2\" content=\"Est. tempo de leitura\" \/>\n\t<meta name=\"twitter:data2\" content=\"5 minutos\" \/>\n<script type=\"application\/ld+json\" class=\"yoast-schema-graph\">{\"@context\":\"https:\/\/schema.org\",\"@graph\":[{\"@type\":\"Article\",\"@id\":\"https:\/\/www.doutorgenius.com.br\/blog\/strava-na-saude-como-organizar-seus-dados-de-atividade-fisica-e-transformar-movimento-em-consciencia-preventiva\/#article\",\"isPartOf\":{\"@id\":\"https:\/\/www.doutorgenius.com.br\/blog\/strava-na-saude-como-organizar-seus-dados-de-atividade-fisica-e-transformar-movimento-em-consciencia-preventiva\/\"},\"author\":{\"name\":\"root_admin\",\"@id\":\"https:\/\/www.doutorgenius.com.br\/blog\/#\/schema\/person\/07099b4ca8326dae1db2846169ba6dbf\"},\"headline\":\"Strava na Sa\u00fade: Como Organizar Seus Dados de Atividade F\u00edsica e Transformar Movimento em Consci\u00eancia Preventiva\",\"datePublished\":\"2026-02-18T14:49:31+00:00\",\"dateModified\":\"2026-02-18T14:51:44+00:00\",\"mainEntityOfPage\":{\"@id\":\"https:\/\/www.doutorgenius.com.br\/blog\/strava-na-saude-como-organizar-seus-dados-de-atividade-fisica-e-transformar-movimento-em-consciencia-preventiva\/\"},\"wordCount\":995,\"commentCount\":0,\"publisher\":{\"@id\":\"https:\/\/www.doutorgenius.com.br\/blog\/#organization\"},\"image\":{\"@id\":\"https:\/\/www.doutorgenius.com.br\/blog\/strava-na-saude-como-organizar-seus-dados-de-atividade-fisica-e-transformar-movimento-em-consciencia-preventiva\/#primaryimage\"},\"thumbnailUrl\":\"https:\/\/www.doutorgenius.com.br\/blog\/wp-content\/uploads\/2026\/02\/ChatGPT-Image-18-de-fev.-de-2026-11_48_01.webp\",\"articleSection\":[\"Sa\u00fade digital e tecnologia\",\"Viva com Sa\u00fade\"],\"inLanguage\":\"pt-BR\",\"potentialAction\":[{\"@type\":\"CommentAction\",\"name\":\"Comment\",\"target\":[\"https:\/\/www.doutorgenius.com.br\/blog\/strava-na-saude-como-organizar-seus-dados-de-atividade-fisica-e-transformar-movimento-em-consciencia-preventiva\/#respond\"]}]},{\"@type\":\"WebPage\",\"@id\":\"https:\/\/www.doutorgenius.com.br\/blog\/strava-na-saude-como-organizar-seus-dados-de-atividade-fisica-e-transformar-movimento-em-consciencia-preventiva\/\",\"url\":\"https:\/\/www.doutorgenius.com.br\/blog\/strava-na-saude-como-organizar-seus-dados-de-atividade-fisica-e-transformar-movimento-em-consciencia-preventiva\/\",\"name\":\"Integra\u00e7\u00e3o Strava Sa\u00fade: Organize Seus Dados e Fortale\u00e7a a Sa\u00fade Digital Preventiva\",\"isPartOf\":{\"@id\":\"https:\/\/www.doutorgenius.com.br\/blog\/#website\"},\"primaryImageOfPage\":{\"@id\":\"https:\/\/www.doutorgenius.com.br\/blog\/strava-na-saude-como-organizar-seus-dados-de-atividade-fisica-e-transformar-movimento-em-consciencia-preventiva\/#primaryimage\"},\"image\":{\"@id\":\"https:\/\/www.doutorgenius.com.br\/blog\/strava-na-saude-como-organizar-seus-dados-de-atividade-fisica-e-transformar-movimento-em-consciencia-preventiva\/#primaryimage\"},\"thumbnailUrl\":\"https:\/\/www.doutorgenius.com.br\/blog\/wp-content\/uploads\/2026\/02\/ChatGPT-Image-18-de-fev.-de-2026-11_48_01.webp\",\"datePublished\":\"2026-02-18T14:49:31+00:00\",\"dateModified\":\"2026-02-18T14:51:44+00:00\",\"description\":\"Descubra como a integra\u00e7\u00e3o Strava sa\u00fade com a Doutor Genius organiza seus dados de atividade f\u00edsica, fortalece o acompanhamento cont\u00ednuo e impulsiona a sa\u00fade digital preventiva.\",\"breadcrumb\":{\"@id\":\"https:\/\/www.doutorgenius.com.br\/blog\/strava-na-saude-como-organizar-seus-dados-de-atividade-fisica-e-transformar-movimento-em-consciencia-preventiva\/#breadcrumb\"},\"inLanguage\":\"pt-BR\",\"potentialAction\":[{\"@type\":\"ReadAction\",\"target\":[\"https:\/\/www.doutorgenius.com.br\/blog\/strava-na-saude-como-organizar-seus-dados-de-atividade-fisica-e-transformar-movimento-em-consciencia-preventiva\/\"]}]},{\"@type\":\"ImageObject\",\"inLanguage\":\"pt-BR\",\"@id\":\"https:\/\/www.doutorgenius.com.br\/blog\/strava-na-saude-como-organizar-seus-dados-de-atividade-fisica-e-transformar-movimento-em-consciencia-preventiva\/#primaryimage\",\"url\":\"https:\/\/www.doutorgenius.com.br\/blog\/wp-content\/uploads\/2026\/02\/ChatGPT-Image-18-de-fev.-de-2026-11_48_01.webp\",\"contentUrl\":\"https:\/\/www.doutorgenius.com.br\/blog\/wp-content\/uploads\/2026\/02\/ChatGPT-Image-18-de-fev.-de-2026-11_48_01.webp\",\"width\":1536,\"height\":1024,\"caption\":\"A integra\u00e7\u00e3o Strava sa\u00fade permite visualizar e organizar dados de atividade f\u00edsica dentro da plataforma Doutor Genius, fortalecendo o acompanhamento cont\u00ednuo e a sa\u00fade digital preventiva.\"},{\"@type\":\"BreadcrumbList\",\"@id\":\"https:\/\/www.doutorgenius.com.br\/blog\/strava-na-saude-como-organizar-seus-dados-de-atividade-fisica-e-transformar-movimento-em-consciencia-preventiva\/#breadcrumb\",\"itemListElement\":[{\"@type\":\"ListItem\",\"position\":1,\"name\":\"In\u00edcio\",\"item\":\"https:\/\/www.doutorgenius.com.br\/blog\/\"},{\"@type\":\"ListItem\",\"position\":2,\"name\":\"Strava na Sa\u00fade: Como Organizar Seus Dados de Atividade F\u00edsica e Transformar Movimento em Consci\u00eancia Preventiva\"}]},{\"@type\":\"WebSite\",\"@id\":\"https:\/\/www.doutorgenius.com.br\/blog\/#website\",\"url\":\"https:\/\/www.doutorgenius.com.br\/blog\/\",\"name\":\"https:\/\/www.doutorgenius.com.br\/blog\",\"description\":\"Com intelig\u00eancia Artificial e Geolocaliza\u00e7\u00e3o,  Doutor Genius conecta m\u00e9dicos a pacientes da pr\u00f3pria regi\u00e3o.\",\"publisher\":{\"@id\":\"https:\/\/www.doutorgenius.com.br\/blog\/#organization\"},\"alternateName\":\"Doutor Genius\",\"potentialAction\":[{\"@type\":\"SearchAction\",\"target\":{\"@type\":\"EntryPoint\",\"urlTemplate\":\"https:\/\/www.doutorgenius.com.br\/blog\/?s={search_term_string}\"},\"query-input\":{\"@type\":\"PropertyValueSpecification\",\"valueRequired\":true,\"valueName\":\"search_term_string\"}}],\"inLanguage\":\"pt-BR\"},{\"@type\":\"Organization\",\"@id\":\"https:\/\/www.doutorgenius.com.br\/blog\/#organization\",\"name\":\"Doutor Genius\",\"alternateName\":\"Doutor Genius\",\"url\":\"https:\/\/www.doutorgenius.com.br\/blog\/\",\"logo\":{\"@type\":\"ImageObject\",\"inLanguage\":\"pt-BR\",\"@id\":\"https:\/\/www.doutorgenius.com.br\/blog\/#\/schema\/logo\/image\/\",\"url\":\"https:\/\/www.doutorgenius.com.br\/blog\/wp-content\/uploads\/2026\/01\/ChatGPT-Image-26-de-dez.-de-2025-16_37_19.png\",\"contentUrl\":\"https:\/\/www.doutorgenius.com.br\/blog\/wp-content\/uploads\/2026\/01\/ChatGPT-Image-26-de-dez.-de-2025-16_37_19.png\",\"width\":1536,\"height\":1024,\"caption\":\"Doutor Genius\"},\"image\":{\"@id\":\"https:\/\/www.doutorgenius.com.br\/blog\/#\/schema\/logo\/image\/\"},\"sameAs\":[\"https:\/\/www.facebook.com\/share\/173AU86oYj\/\",\"https:\/\/www.instagram.com\/doutorgenius\/\"]},{\"@type\":\"Person\",\"@id\":\"https:\/\/www.doutorgenius.com.br\/blog\/#\/schema\/person\/07099b4ca8326dae1db2846169ba6dbf\",\"name\":\"root_admin\",\"image\":{\"@type\":\"ImageObject\",\"inLanguage\":\"pt-BR\",\"@id\":\"https:\/\/www.doutorgenius.com.br\/blog\/#\/schema\/person\/image\/\",\"url\":\"https:\/\/secure.gravatar.com\/avatar\/dc38bf98aa24d46f81037679aaba96e5ddda28da47cd02ecff8a2c25380c14cd?s=96&d=mm&r=g\",\"contentUrl\":\"https:\/\/secure.gravatar.com\/avatar\/dc38bf98aa24d46f81037679aaba96e5ddda28da47cd02ecff8a2c25380c14cd?s=96&d=mm&r=g\",\"caption\":\"root_admin\"},\"sameAs\":[\"https:\/\/www.doutorgenius.com.br\/blog\"],\"url\":\"https:\/\/www.doutorgenius.com.br\/blog\/author\/root_admin\/\"}]}<\/script>\n<!-- \/ Yoast SEO plugin. -->","yoast_head_json":{"title":"Integra\u00e7\u00e3o Strava Sa\u00fade: Organize Seus Dados e Fortale\u00e7a a Sa\u00fade Digital Preventiva","description":"Descubra como a integra\u00e7\u00e3o Strava sa\u00fade com a Doutor Genius organiza seus dados de atividade f\u00edsica, fortalece o acompanhamento cont\u00ednuo e impulsiona a sa\u00fade digital preventiva.","robots":{"index":"index","follow":"follow","max-snippet":"max-snippet:-1","max-image-preview":"max-image-preview:large","max-video-preview":"max-video-preview:-1"},"canonical":"https:\/\/www.doutorgenius.com.br\/blog\/strava-na-saude-como-organizar-seus-dados-de-atividade-fisica-e-transformar-movimento-em-consciencia-preventiva\/","og_locale":"pt_BR","og_type":"article","og_title":"Integra\u00e7\u00e3o Strava Sa\u00fade: Organize Seus Dados e Fortale\u00e7a a Sa\u00fade Digital Preventiva","og_description":"Descubra como a integra\u00e7\u00e3o Strava sa\u00fade com a Doutor Genius organiza seus dados de atividade f\u00edsica, fortalece o acompanhamento cont\u00ednuo e impulsiona a sa\u00fade digital preventiva.","og_url":"https:\/\/www.doutorgenius.com.br\/blog\/strava-na-saude-como-organizar-seus-dados-de-atividade-fisica-e-transformar-movimento-em-consciencia-preventiva\/","og_site_name":"Doutor Genius","article_publisher":"https:\/\/www.facebook.com\/share\/173AU86oYj\/","article_published_time":"2026-02-18T14:49:31+00:00","article_modified_time":"2026-02-18T14:51:44+00:00","og_image":[{"width":1536,"height":1024,"url":"https:\/\/www.doutorgenius.com.br\/blog\/wp-content\/uploads\/2026\/02\/ChatGPT-Image-18-de-fev.-de-2026-11_48_01.webp","type":"image\/webp"}],"author":"root_admin","twitter_card":"summary_large_image","twitter_misc":{"Escrito por":"root_admin","Est. tempo de leitura":"5 minutos"},"schema":{"@context":"https:\/\/schema.org","@graph":[{"@type":"Article","@id":"https:\/\/www.doutorgenius.com.br\/blog\/strava-na-saude-como-organizar-seus-dados-de-atividade-fisica-e-transformar-movimento-em-consciencia-preventiva\/#article","isPartOf":{"@id":"https:\/\/www.doutorgenius.com.br\/blog\/strava-na-saude-como-organizar-seus-dados-de-atividade-fisica-e-transformar-movimento-em-consciencia-preventiva\/"},"author":{"name":"root_admin","@id":"https:\/\/www.doutorgenius.com.br\/blog\/#\/schema\/person\/07099b4ca8326dae1db2846169ba6dbf"},"headline":"Strava na Sa\u00fade: Como Organizar Seus Dados de Atividade F\u00edsica e Transformar Movimento em Consci\u00eancia Preventiva","datePublished":"2026-02-18T14:49:31+00:00","dateModified":"2026-02-18T14:51:44+00:00","mainEntityOfPage":{"@id":"https:\/\/www.doutorgenius.com.br\/blog\/strava-na-saude-como-organizar-seus-dados-de-atividade-fisica-e-transformar-movimento-em-consciencia-preventiva\/"},"wordCount":995,"commentCount":0,"publisher":{"@id":"https:\/\/www.doutorgenius.com.br\/blog\/#organization"},"image":{"@id":"https:\/\/www.doutorgenius.com.br\/blog\/strava-na-saude-como-organizar-seus-dados-de-atividade-fisica-e-transformar-movimento-em-consciencia-preventiva\/#primaryimage"},"thumbnailUrl":"https:\/\/www.doutorgenius.com.br\/blog\/wp-content\/uploads\/2026\/02\/ChatGPT-Image-18-de-fev.-de-2026-11_48_01.webp","articleSection":["Sa\u00fade digital e tecnologia","Viva com Sa\u00fade"],"inLanguage":"pt-BR","potentialAction":[{"@type":"CommentAction","name":"Comment","target":["https:\/\/www.doutorgenius.com.br\/blog\/strava-na-saude-como-organizar-seus-dados-de-atividade-fisica-e-transformar-movimento-em-consciencia-preventiva\/#respond"]}]},{"@type":"WebPage","@id":"https:\/\/www.doutorgenius.com.br\/blog\/strava-na-saude-como-organizar-seus-dados-de-atividade-fisica-e-transformar-movimento-em-consciencia-preventiva\/","url":"https:\/\/www.doutorgenius.com.br\/blog\/strava-na-saude-como-organizar-seus-dados-de-atividade-fisica-e-transformar-movimento-em-consciencia-preventiva\/","name":"Integra\u00e7\u00e3o Strava Sa\u00fade: Organize Seus Dados e Fortale\u00e7a a Sa\u00fade Digital Preventiva","isPartOf":{"@id":"https:\/\/www.doutorgenius.com.br\/blog\/#website"},"primaryImageOfPage":{"@id":"https:\/\/www.doutorgenius.com.br\/blog\/strava-na-saude-como-organizar-seus-dados-de-atividade-fisica-e-transformar-movimento-em-consciencia-preventiva\/#primaryimage"},"image":{"@id":"https:\/\/www.doutorgenius.com.br\/blog\/strava-na-saude-como-organizar-seus-dados-de-atividade-fisica-e-transformar-movimento-em-consciencia-preventiva\/#primaryimage"},"thumbnailUrl":"https:\/\/www.doutorgenius.com.br\/blog\/wp-content\/uploads\/2026\/02\/ChatGPT-Image-18-de-fev.-de-2026-11_48_01.webp","datePublished":"2026-02-18T14:49:31+00:00","dateModified":"2026-02-18T14:51:44+00:00","description":"Descubra como a integra\u00e7\u00e3o Strava sa\u00fade com a Doutor Genius organiza seus dados de atividade f\u00edsica, fortalece o acompanhamento cont\u00ednuo e impulsiona a sa\u00fade digital preventiva.","breadcrumb":{"@id":"https:\/\/www.doutorgenius.com.br\/blog\/strava-na-saude-como-organizar-seus-dados-de-atividade-fisica-e-transformar-movimento-em-consciencia-preventiva\/#breadcrumb"},"inLanguage":"pt-BR","potentialAction":[{"@type":"ReadAction","target":["https:\/\/www.doutorgenius.com.br\/blog\/strava-na-saude-como-organizar-seus-dados-de-atividade-fisica-e-transformar-movimento-em-consciencia-preventiva\/"]}]},{"@type":"ImageObject","inLanguage":"pt-BR","@id":"https:\/\/www.doutorgenius.com.br\/blog\/strava-na-saude-como-organizar-seus-dados-de-atividade-fisica-e-transformar-movimento-em-consciencia-preventiva\/#primaryimage","url":"https:\/\/www.doutorgenius.com.br\/blog\/wp-content\/uploads\/2026\/02\/ChatGPT-Image-18-de-fev.-de-2026-11_48_01.webp","contentUrl":"https:\/\/www.doutorgenius.com.br\/blog\/wp-content\/uploads\/2026\/02\/ChatGPT-Image-18-de-fev.-de-2026-11_48_01.webp","width":1536,"height":1024,"caption":"A integra\u00e7\u00e3o Strava sa\u00fade permite visualizar e organizar dados de atividade f\u00edsica dentro da plataforma Doutor Genius, fortalecendo o acompanhamento cont\u00ednuo e a sa\u00fade digital preventiva."},{"@type":"BreadcrumbList","@id":"https:\/\/www.doutorgenius.com.br\/blog\/strava-na-saude-como-organizar-seus-dados-de-atividade-fisica-e-transformar-movimento-em-consciencia-preventiva\/#breadcrumb","itemListElement":[{"@type":"ListItem","position":1,"name":"In\u00edcio","item":"https:\/\/www.doutorgenius.com.br\/blog\/"},{"@type":"ListItem","position":2,"name":"Strava na Sa\u00fade: Como Organizar Seus Dados de Atividade F\u00edsica e Transformar Movimento em Consci\u00eancia Preventiva"}]},{"@type":"WebSite","@id":"https:\/\/www.doutorgenius.com.br\/blog\/#website","url":"https:\/\/www.doutorgenius.com.br\/blog\/","name":"https:\/\/www.doutorgenius.com.br\/blog","description":"Com intelig\u00eancia Artificial e Geolocaliza\u00e7\u00e3o,  Doutor Genius conecta m\u00e9dicos a pacientes da pr\u00f3pria regi\u00e3o.","publisher":{"@id":"https:\/\/www.doutorgenius.com.br\/blog\/#organization"},"alternateName":"Doutor Genius","potentialAction":[{"@type":"SearchAction","target":{"@type":"EntryPoint","urlTemplate":"https:\/\/www.doutorgenius.com.br\/blog\/?s={search_term_string}"},"query-input":{"@type":"PropertyValueSpecification","valueRequired":true,"valueName":"search_term_string"}}],"inLanguage":"pt-BR"},{"@type":"Organization","@id":"https:\/\/www.doutorgenius.com.br\/blog\/#organization","name":"Doutor Genius","alternateName":"Doutor Genius","url":"https:\/\/www.doutorgenius.com.br\/blog\/","logo":{"@type":"ImageObject","inLanguage":"pt-BR","@id":"https:\/\/www.doutorgenius.com.br\/blog\/#\/schema\/logo\/image\/","url":"https:\/\/www.doutorgenius.com.br\/blog\/wp-content\/uploads\/2026\/01\/ChatGPT-Image-26-de-dez.-de-2025-16_37_19.png","contentUrl":"https:\/\/www.doutorgenius.com.br\/blog\/wp-content\/uploads\/2026\/01\/ChatGPT-Image-26-de-dez.-de-2025-16_37_19.png","width":1536,"height":1024,"caption":"Doutor Genius"},"image":{"@id":"https:\/\/www.doutorgenius.com.br\/blog\/#\/schema\/logo\/image\/"},"sameAs":["https:\/\/www.facebook.com\/share\/173AU86oYj\/","https:\/\/www.instagram.com\/doutorgenius\/"]},{"@type":"Person","@id":"https:\/\/www.doutorgenius.com.br\/blog\/#\/schema\/person\/07099b4ca8326dae1db2846169ba6dbf","name":"root_admin","image":{"@type":"ImageObject","inLanguage":"pt-BR","@id":"https:\/\/www.doutorgenius.com.br\/blog\/#\/schema\/person\/image\/","url":"https:\/\/secure.gravatar.com\/avatar\/dc38bf98aa24d46f81037679aaba96e5ddda28da47cd02ecff8a2c25380c14cd?s=96&d=mm&r=g","contentUrl":"https:\/\/secure.gravatar.com\/avatar\/dc38bf98aa24d46f81037679aaba96e5ddda28da47cd02ecff8a2c25380c14cd?s=96&d=mm&r=g","caption":"root_admin"},"sameAs":["https:\/\/www.doutorgenius.com.br\/blog"],"url":"https:\/\/www.doutorgenius.com.br\/blog\/author\/root_admin\/"}]}},"_links":{"self":[{"href":"https:\/\/www.doutorgenius.com.br\/blog\/wp-json\/wp\/v2\/posts\/560","targetHints":{"allow":["GET"]}}],"collection":[{"href":"https:\/\/www.doutorgenius.com.br\/blog\/wp-json\/wp\/v2\/posts"}],"about":[{"href":"https:\/\/www.doutorgenius.com.br\/blog\/wp-json\/wp\/v2\/types\/post"}],"author":[{"embeddable":true,"href":"https:\/\/www.doutorgenius.com.br\/blog\/wp-json\/wp\/v2\/users\/1"}],"replies":[{"embeddable":true,"href":"https:\/\/www.doutorgenius.com.br\/blog\/wp-json\/wp\/v2\/comments?post=560"}],"version-history":[{"count":2,"href":"https:\/\/www.doutorgenius.com.br\/blog\/wp-json\/wp\/v2\/posts\/560\/revisions"}],"predecessor-version":[{"id":564,"href":"https:\/\/www.doutorgenius.com.br\/blog\/wp-json\/wp\/v2\/posts\/560\/revisions\/564"}],"wp:featuredmedia":[{"embeddable":true,"href":"https:\/\/www.doutorgenius.com.br\/blog\/wp-json\/wp\/v2\/media\/561"}],"wp:attachment":[{"href":"https:\/\/www.doutorgenius.com.br\/blog\/wp-json\/wp\/v2\/media?parent=560"}],"wp:term":[{"taxonomy":"category","embeddable":true,"href":"https:\/\/www.doutorgenius.com.br\/blog\/wp-json\/wp\/v2\/categories?post=560"},{"taxonomy":"post_tag","embeddable":true,"href":"https:\/\/www.doutorgenius.com.br\/blog\/wp-json\/wp\/v2\/tags?post=560"}],"curies":[{"name":"wp","href":"https:\/\/api.w.org\/{rel}","templated":true}]}}